{"id":2407,"date":"2014-10-09T10:00:32","date_gmt":"2014-10-09T08:00:32","guid":{"rendered":"http:\/\/paulaabrahao.com.br\/blog\/?p=2407"},"modified":"2018-11-28T15:03:04","modified_gmt":"2018-11-28T14:03:04","slug":"setembro-em-imagens","status":"publish","type":"post","link":"https:\/\/paulaabrahao.com.br\/blog\/2014\/setembro-em-imagens\/","title":{"rendered":"Setembro em imagens"},"content":{"rendered":"<p><em>Olar<\/em>, voc\u00ea vem sempre aqui? Espero que sim, mas caso n\u00e3o venha, acomode-se, por favor. #<a title=\"Nobody Asked You Patrice\" href=\"https:\/\/www.youtube.com\/watch?v=xF-YDdbRYmA\" target=\"_blank\"><em>NobobyAskedYouPatrice<\/em><\/a>, mas achei prudente avisar que sumi um pouquinho nas \u00faltimas semanas por motivos de: amigos visitando Amsterdam\u00a0e\u00a0trazendo dias\u00a0agitados.\u00a0Fiz\u00a0todos os passeios de turista poss\u00edveis, ent\u00e3o mal consegui sentar para terminar aquelas dezenas de posts em rascunho que eu tenho.\u00a0D:<\/p>\n<p>Al\u00e9m do tempo dedicado \u00e0s visitas, participei tamb\u00e9m de um workshop de fotografia chamado\u00a0&#8220;How to take better images&#8221;, ministrado pela arquiteta e fot\u00f3grafa grega <a title=\"Sofia Garefi\" href=\"http:\/\/www.sofiagarefi.com\/\">Sofia Garefi<\/a>\u00a0[clica a\u00ed no nome dela pra visitar o portfolio, ela fotografa lindamente].<\/p>\n<p>Foi super iniciante e abordou conceitos b\u00e1sicos que eu at\u00e9 j\u00e1 conhecia, mas \u00e9 totalmente diferente\u00a0aprender com uma pessoa te ajudando a desenvolver melhor o\u00a0olhar fotogr\u00e1fico. Mesmo sendo s\u00f3 um workshop,\u00a0j\u00e1 consegui perceber uma melhora significativa nas minhas fotos\u00a0e fiquei muito empolgada com isso.<\/p>\n<p>Aproveitando essa empolga\u00e7\u00e3o, vim compartilhar algumas dessas imagens que tirei para as aulas e outras aleatoriedades\u00a0que aconteceram nesses dias cheios. Coisas bonitas nunca s\u00e3o demais, n\u00e9? (ao menos eu espero que estejam bonitas, hehe!)<\/p>\n<p><img loading=\"lazy\" decoding=\"async\" class=\"aligncenter wp-image-2438 size-full\" src=\"http:\/\/paulaabrahao.com.br\/blog\/wp-content\/uploads\/2014\/10\/PaulaAbrahao-Setembro5.jpg\" alt=\"Paula Abrah\u00e3o |BLOG - Setembro em imagens\" width=\"700\" height=\"467\" srcset=\"https:\/\/paulaabrahao.com.br\/blog\/wp-content\/uploads\/2014\/10\/PaulaAbrahao-Setembro5.jpg 700w, https:\/\/paulaabrahao.com.br\/blog\/wp-content\/uploads\/2014\/10\/PaulaAbrahao-Setembro5-300x200.jpg 300w\" sizes=\"auto, (max-width: 700px) 100vw, 700px\" \/><\/p>\n<p>Uma das minhas fotos favoritas que tirei durante\u00a0o workshop, o\u00a0<em>assignment<\/em> era capturar o cotidiano de\u00a0nosso\u00a0bairro em\u00a02 at\u00e9 4 fotos. Fiquei extremamente feliz com o resultado <a title=\"Flickr: DarkDiva\" href=\"https:\/\/www.flickr.com\/photos\/darkdiva\">dessa tarefa<\/a>, especialmente considerando que tive s\u00f3 1h para me dedicar a ela.<\/p>\n<p><img loading=\"lazy\" decoding=\"async\" class=\"aligncenter wp-image-2442 size-full\" src=\"http:\/\/paulaabrahao.com.br\/blog\/wp-content\/uploads\/2014\/10\/PaulaAbrahao-Setembro1.jpg\" alt=\"Paula Abrah\u00e3o |BLOG - Setembro em imagens\" width=\"700\" height=\"350\" srcset=\"https:\/\/paulaabrahao.com.br\/blog\/wp-content\/uploads\/2014\/10\/PaulaAbrahao-Setembro1.jpg 700w, https:\/\/paulaabrahao.com.br\/blog\/wp-content\/uploads\/2014\/10\/PaulaAbrahao-Setembro1-300x150.jpg 300w\" sizes=\"auto, (max-width: 700px) 100vw, 700px\" \/><\/p>\n<p>Outono dentro do Rijksmuseum e nas folhas amareladas\u00a0do <a title=\"[6 on 6] Parken\" href=\"http:\/\/paulaabrahao.com.br\/blog\/2014\/6-on-6-parken\/\"><strong>Vondelpark<\/strong><\/a>. Foram as \u00faltimas vezes que consegui usar Vans e sapatilha, agora s\u00f3 d\u00e1 pra usar bota.<\/p>\n<p><img loading=\"lazy\" decoding=\"async\" class=\"aligncenter wp-image-2441 size-full\" src=\"http:\/\/paulaabrahao.com.br\/blog\/wp-content\/uploads\/2014\/10\/PaulaAbrahao-Setembro2.jpg\" alt=\"Paula Abrah\u00e3o |BLOG - Setembro em imagens\" width=\"700\" height=\"350\" srcset=\"https:\/\/paulaabrahao.com.br\/blog\/wp-content\/uploads\/2014\/10\/PaulaAbrahao-Setembro2.jpg 700w, https:\/\/paulaabrahao.com.br\/blog\/wp-content\/uploads\/2014\/10\/PaulaAbrahao-Setembro2-300x150.jpg 300w\" sizes=\"auto, (max-width: 700px) 100vw, 700px\" \/><\/p>\n<p>Amsterdam realmente nos ama. &lt;3 Algu\u00e9m adivinha em qual lugar essas fotos foram tiradas? J\u00e1 teve um <a title=\"Arte de rua na Spuistraat\" href=\"http:\/\/paulaabrahao.com.br\/blog\/2014\/arte-de-rua-spuistraat\/\">post dedicado s\u00f3 pra ele<\/a> aqui no blog. :)<\/p>\n<p><img loading=\"lazy\" decoding=\"async\" class=\"aligncenter wp-image-2440 size-full\" src=\"http:\/\/paulaabrahao.com.br\/blog\/wp-content\/uploads\/2014\/10\/PaulaAbrahao-Setembro3.jpg\" alt=\"Paula Abrah\u00e3o |BLOG - Setembro em imagens\" width=\"700\" height=\"350\" srcset=\"https:\/\/paulaabrahao.com.br\/blog\/wp-content\/uploads\/2014\/10\/PaulaAbrahao-Setembro3.jpg 700w, https:\/\/paulaabrahao.com.br\/blog\/wp-content\/uploads\/2014\/10\/PaulaAbrahao-Setembro3-300x150.jpg 300w\" sizes=\"auto, (max-width: 700px) 100vw, 700px\" \/><\/p>\n<p>Aproveitando as visitas em casa, fomos para Muiden ver o castelo <a title=\"Muiderslot\" href=\"http:\/\/www.muiderslot.nl\/\"><strong>Muiderslot<\/strong><\/a>, o mais famoso da Holanda. Ele \u00e9 pequenino, mas muito charmoso. O dia estava delicioso, quentinho na medida e com c\u00e9u aberto. Tiramos v\u00e1\u00e1\u00e1\u00e1rias fotos l\u00e1, depois volto pra mostrar em detalhes.<\/p>\n<p><img loading=\"lazy\" decoding=\"async\" class=\"aligncenter wp-image-2439 size-full\" src=\"http:\/\/paulaabrahao.com.br\/blog\/wp-content\/uploads\/2014\/10\/PaulaAbrahao-Setembro4.jpg\" alt=\"Paula Abrah\u00e3o |BLOG - Setembro em imagens\" width=\"700\" height=\"348\" srcset=\"https:\/\/paulaabrahao.com.br\/blog\/wp-content\/uploads\/2014\/10\/PaulaAbrahao-Setembro4.jpg 700w, https:\/\/paulaabrahao.com.br\/blog\/wp-content\/uploads\/2014\/10\/PaulaAbrahao-Setembro4-300x149.jpg 300w\" sizes=\"auto, (max-width: 700px) 100vw, 700px\" \/><\/p>\n<p>Ai, S\u00e3o Paulo. Voltamos na \u00faltima semana do m\u00eas para uma visita r\u00e1pida e foi bizarramente\u00a0normal, parecia que\u00a0eu n\u00e3o via meus familiares e amigos h\u00e1 s\u00f3 dois ou tr\u00eas meses. Ao mesmo tempo, v\u00e1rias pequenas coisas me incomodaram demais [barulho\u00a0e\u00a0polui\u00e7\u00e3o, principalmente], e a cidade me pareceu muito\u00a0estranha. A viagem foi curta, mas foi boa. Comi em quase todos os lugares que estava com saudade e consegui ver muita gente, apesar de ainda ter faltado pessoas queridas pra ver. Acho que sempre vai faltar, n\u00e9? :\/<\/p>\n<p>E o seu Setembro, como foi? :)<\/p>\n","protected":false},"excerpt":{"rendered":"<p>Olar, voc\u00ea vem sempre aqui? Espero que sim, mas caso n\u00e3o venha, acomode-se, por favor. #NobobyAskedYouPatrice, mas achei prudente avisar que sumi um pouquinho nas \u00faltimas semanas por motivos de: amigos visitando Amsterdam\u00a0e\u00a0trazendo dias\u00a0agitados.\u00a0Fiz\u00a0todos os passeios de turista poss\u00edveis, ent\u00e3o mal consegui sentar para terminar aquelas dezenas de posts em rascunho que eu tenho.\u00a0D: Al\u00e9m [&hellip;]<\/p>\n","protected":false},"author":4,"featured_media":2445,"comment_status":"open","ping_status":"open","sticky":false,"template":"","format":"standard","meta":{"footnotes":""},"categories":[4],"tags":[265,48,194],"class_list":["post-2407","post","type-post","status-publish","format-standard","has-post-thumbnail","hentry","category-diariamente","tag-amsterdam","tag-fotografia","tag-sao-paulo"],"_links":{"self":[{"href":"https:\/\/paulaabrahao.com.br\/blog\/wp-json\/wp\/v2\/posts\/2407","targetHints":{"allow":["GET"]}}],"collection":[{"href":"https:\/\/paulaabrahao.com.br\/blog\/wp-json\/wp\/v2\/posts"}],"about":[{"href":"https:\/\/paulaabrahao.com.br\/blog\/wp-json\/wp\/v2\/types\/post"}],"author":[{"embeddable":true,"href":"https:\/\/paulaabrahao.com.br\/blog\/wp-json\/wp\/v2\/users\/4"}],"replies":[{"embeddable":true,"href":"https:\/\/paulaabrahao.com.br\/blog\/wp-json\/wp\/v2\/comments?post=2407"}],"version-history":[{"count":13,"href":"https:\/\/paulaabrahao.com.br\/blog\/wp-json\/wp\/v2\/posts\/2407\/revisions"}],"predecessor-version":[{"id":2452,"href":"https:\/\/paulaabrahao.com.br\/blog\/wp-json\/wp\/v2\/posts\/2407\/revisions\/2452"}],"wp:featuredmedia":[{"embeddable":true,"href":"https:\/\/paulaabrahao.com.br\/blog\/wp-json\/wp\/v2\/media\/2445"}],"wp:attachment":[{"href":"https:\/\/paulaabrahao.com.br\/blog\/wp-json\/wp\/v2\/media?parent=2407"}],"wp:term":[{"taxonomy":"category","embeddable":true,"href":"https:\/\/paulaabrahao.com.br\/blog\/wp-json\/wp\/v2\/categories?post=2407"},{"taxonomy":"post_tag","embeddable":true,"href":"https:\/\/paulaabrahao.com.br\/blog\/wp-json\/wp\/v2\/tags?post=2407"}],"curies":[{"name":"wp","href":"https:\/\/api.w.org\/{rel}","templated":true}]}}